{"id":689,"date":"2025-07-05T11:33:38","date_gmt":"2025-07-05T09:33:38","guid":{"rendered":"https:\/\/www.papp-tanz.at\/?p=689"},"modified":"2025-07-05T17:39:59","modified_gmt":"2025-07-05T15:39:59","slug":"tanz-fuer-kinder-und-jugendliche-schuljahr-2025-26-in-tulln","status":"publish","type":"post","link":"https:\/\/www.papp-tanz.at\/?p=689","title":{"rendered":"TANZ F\u00dcR KINDER UND JUGENDLICHE: SCHULJAHR 2025\/26 IN TULLN"},"content":{"rendered":"<p><a href=\"http:\/\/www.papp-tanz.at\/wp-content\/uploads\/2016\/05\/papp_logo2016_Tulln.png\"><img loading=\"lazy\" decoding=\"async\" class=\"alignright wp-image-300 size-full\" src=\"http:\/\/www.papp-tanz.at\/wp-content\/uploads\/2016\/05\/papp_logo2016_Tulln.png\" alt=\"\" width=\"1175\" height=\"555\" data-temp-aztec-id=\"1af6b7f9-0083-4770-aac3-105d4e96196a\" srcset=\"https:\/\/www.papp-tanz.at\/wp-content\/uploads\/2016\/05\/papp_logo2016_Tulln.png 1175w, https:\/\/www.papp-tanz.at\/wp-content\/uploads\/2016\/05\/papp_logo2016_Tulln-300x142.png 300w, https:\/\/www.papp-tanz.at\/wp-content\/uploads\/2016\/05\/papp_logo2016_Tulln-768x363.png 768w, https:\/\/www.papp-tanz.at\/wp-content\/uploads\/2016\/05\/papp_logo2016_Tulln-1024x484.png 1024w\" sizes=\"auto, (max-width: 1175px) 100vw, 1175px\" \/><\/a><\/p>\n<p>Die Kurse finden in einer Kooperation mit meiner Kollegin Anna Gr\u00fcssinger im Gymnastikraum des Hallenbades Tulln statt.<\/p>\n<p>Anna unterrichtet immer am Dienstag, ich am Mittwoch Nachmittag.<\/p>\n<p><a href=\"http:\/\/www.papp-tanz.at\/wp-content\/uploads\/2025\/07\/Flyer-2025_26-1.png\"><img loading=\"lazy\" decoding=\"async\" class=\"aligncenter size-full wp-image-663\" src=\"http:\/\/www.papp-tanz.at\/wp-content\/uploads\/2025\/07\/Flyer-2025_26-1.png\" alt=\"\" width=\"500\" height=\"707\" \/><\/a><\/p>\n<p>Das 1. Tanzsemester beginnt f\u00fcr alle Kurse am Dienstag ab 16.9.2025 und am Mittwoch ab 17.9.2025.<\/p>\n<p>N\u00e4here Informationen \u00fcber die Kurse auf meiner Website unter <a title=\"Tanz f\u00fcr Kinder und Jugendliche\" href=\"http:\/\/papp-tanz.at\/?page_id=575\">Kurse &#8211; Tanz f\u00fcr Kinder und Jugendliche<\/a> oder unter <a title=\"tanzenmitanna.com\" href=\"https:\/\/tanzenmitanna.com\">tanzenmitanna.com<\/a><\/p>\n","protected":false},"excerpt":{"rendered":"<p>Die Kurse finden in einer Kooperation mit meiner Kollegin Anna Gr\u00fcssinger im Gymnastikraum des Hallenbades Tulln statt. Anna unterrichtet immer am Dienstag, ich am Mittwoch Nachmittag. Das 1. Tanzsemester beginnt f\u00fcr alle Kurse am Dienstag ab 16.9.2025 und am Mittwoch ab 17.9.2025. N\u00e4here Informationen \u00fcber die Kurse auf meiner Website unter Kurse &#8211; Tanz f\u00fcr &hellip; <a href=\"https:\/\/www.papp-tanz.at\/?p=689\" class=\"more-link\"><span class=\"screen-reader-text\">TANZ F\u00dcR KINDER UND JUGENDLICHE: SCHULJAHR 2025\/26 IN TULLN<\/span> weiterlesen <span class=\"meta-nav\">&rarr;<\/span><\/a><\/p>\n","protected":false},"author":1,"featured_media":0,"comment_status":"closed","ping_status":"open","sticky":false,"template":"","format":"standard","meta":{"footnotes":""},"categories":[1],"tags":[],"class_list":["post-689","post","type-post","status-publish","format-standard","hentry","category-allgemein"],"_links":{"self":[{"href":"https:\/\/www.papp-tanz.at\/index.php?rest_route=\/wp\/v2\/posts\/689","targetHints":{"allow":["GET"]}}],"collection":[{"href":"https:\/\/www.papp-tanz.at\/index.php?rest_route=\/wp\/v2\/posts"}],"about":[{"href":"https:\/\/www.papp-tanz.at\/index.php?rest_route=\/wp\/v2\/types\/post"}],"author":[{"embeddable":true,"href":"https:\/\/www.papp-tanz.at\/index.php?rest_route=\/wp\/v2\/users\/1"}],"replies":[{"embeddable":true,"href":"https:\/\/www.papp-tanz.at\/index.php?rest_route=%2Fwp%2Fv2%2Fcomments&post=689"}],"version-history":[{"count":5,"href":"https:\/\/www.papp-tanz.at\/index.php?rest_route=\/wp\/v2\/posts\/689\/revisions"}],"predecessor-version":[{"id":701,"href":"https:\/\/www.papp-tanz.at\/index.php?rest_route=\/wp\/v2\/posts\/689\/revisions\/701"}],"wp:attachment":[{"href":"https:\/\/www.papp-tanz.at\/index.php?rest_route=%2Fwp%2Fv2%2Fmedia&parent=689"}],"wp:term":[{"taxonomy":"category","embeddable":true,"href":"https:\/\/www.papp-tanz.at\/index.php?rest_route=%2Fwp%2Fv2%2Fcategories&post=689"},{"taxonomy":"post_tag","embeddable":true,"href":"https:\/\/www.papp-tanz.at\/index.php?rest_route=%2Fwp%2Fv2%2Ftags&post=689"}],"curies":[{"name":"wp","href":"https:\/\/api.w.org\/{rel}","templated":true}]}}