{"id":601,"date":"2023-06-18T16:18:12","date_gmt":"2023-06-18T14:18:12","guid":{"rendered":"http:\/\/www.papp-tanz.at\/?p=601"},"modified":"2023-06-18T16:44:59","modified_gmt":"2023-06-18T14:44:59","slug":"tanz-fuer-kinder-und-jugendliche-schuljahr-202324-in-tulln","status":"publish","type":"post","link":"https:\/\/www.papp-tanz.at\/?p=601","title":{"rendered":"TANZ F\u00dcR KINDER UND JUGENDLICHE: SCHULJAHR 2023\/24 IN TULLN"},"content":{"rendered":"<p><a href=\"http:\/\/www.papp-tanz.at\/wp-content\/uploads\/2016\/05\/papp_logo2016_Tulln.png\"><img loading=\"lazy\" decoding=\"async\" class=\"alignright wp-image-300 size-full\" src=\"http:\/\/www.papp-tanz.at\/wp-content\/uploads\/2016\/05\/papp_logo2016_Tulln.png\" alt=\"\" width=\"1175\" height=\"555\" data-temp-aztec-id=\"1af6b7f9-0083-4770-aac3-105d4e96196a\" srcset=\"https:\/\/www.papp-tanz.at\/wp-content\/uploads\/2016\/05\/papp_logo2016_Tulln.png 1175w, https:\/\/www.papp-tanz.at\/wp-content\/uploads\/2016\/05\/papp_logo2016_Tulln-300x142.png 300w, https:\/\/www.papp-tanz.at\/wp-content\/uploads\/2016\/05\/papp_logo2016_Tulln-768x363.png 768w, https:\/\/www.papp-tanz.at\/wp-content\/uploads\/2016\/05\/papp_logo2016_Tulln-1024x484.png 1024w\" sizes=\"auto, (max-width: 1175px) 100vw, 1175px\" \/><\/a><\/p>\n<p>Die Kurse finden in einer Kooperation mit meiner Kollegin Anna Gr\u00fcssinger im Gymnastikraum des Hallenbad Tulln statt.<\/p>\n<p>Anna unterrichtet immer am Dienstag, ich am Mittwoch Nachmittag.<\/p>\n<p><a href=\"http:\/\/www.papp-tanz.at\/wp-content\/uploads\/2019\/01\/collage_papptanz2019.jpg\"><img loading=\"lazy\" decoding=\"async\" class=\"size-full wp-image-457\" src=\"http:\/\/www.papp-tanz.at\/wp-content\/uploads\/2019\/01\/collage_papptanz2019.jpg\" alt=\"Annemarie Papp Tanzkurse\" width=\"842\" height=\"595\" srcset=\"https:\/\/www.papp-tanz.at\/wp-content\/uploads\/2019\/01\/collage_papptanz2019.jpg 842w, https:\/\/www.papp-tanz.at\/wp-content\/uploads\/2019\/01\/collage_papptanz2019-300x212.jpg 300w, https:\/\/www.papp-tanz.at\/wp-content\/uploads\/2019\/01\/collage_papptanz2019-768x543.jpg 768w\" sizes=\"auto, (max-width: 842px) 100vw, 842px\" \/><\/a><\/p>\n<p>Das 1. Tanzsemester beginnt f\u00fcr alle Kurse am 19.9. und 20.9.2023.<\/p>\n<p>N\u00e4here Informationen \u00fcber die Kurse auf meiner Website unter <a title=\"Tanz f\u00fcr Kinder und Jugendliche\" href=\"http:\/\/papp-tanz.at\/?page_id=575\">Kurse &#8211; Tanz f\u00fcr Kinder und Jugendliche<\/a> oder unter <a title=\"tanzenmitanna.com\" href=\"https:\/\/tanzenmitanna.com\">tanzenmitanna.com<\/a><\/p>\n","protected":false},"excerpt":{"rendered":"<p>Die Kurse finden in einer Kooperation mit meiner Kollegin Anna Gr\u00fcssinger im Gymnastikraum des Hallenbad Tulln statt. Anna unterrichtet immer am Dienstag, ich am Mittwoch Nachmittag. Das 1. Tanzsemester beginnt f\u00fcr alle Kurse am 19.9. und 20.9.2023. N\u00e4here Informationen \u00fcber die Kurse auf meiner Website unter Kurse &#8211; Tanz f\u00fcr Kinder und Jugendliche oder unter &hellip; <a href=\"https:\/\/www.papp-tanz.at\/?p=601\" class=\"more-link\"><span class=\"screen-reader-text\">TANZ F\u00dcR KINDER UND JUGENDLICHE: SCHULJAHR 2023\/24 IN TULLN<\/span> weiterlesen <span class=\"meta-nav\">&rarr;<\/span><\/a><\/p>\n","protected":false},"author":1,"featured_media":0,"comment_status":"closed","ping_status":"open","sticky":false,"template":"","format":"standard","meta":{"footnotes":""},"categories":[1],"tags":[],"class_list":["post-601","post","type-post","status-publish","format-standard","hentry","category-allgemein"],"_links":{"self":[{"href":"https:\/\/www.papp-tanz.at\/index.php?rest_route=\/wp\/v2\/posts\/601","targetHints":{"allow":["GET"]}}],"collection":[{"href":"https:\/\/www.papp-tanz.at\/index.php?rest_route=\/wp\/v2\/posts"}],"about":[{"href":"https:\/\/www.papp-tanz.at\/index.php?rest_route=\/wp\/v2\/types\/post"}],"author":[{"embeddable":true,"href":"https:\/\/www.papp-tanz.at\/index.php?rest_route=\/wp\/v2\/users\/1"}],"replies":[{"embeddable":true,"href":"https:\/\/www.papp-tanz.at\/index.php?rest_route=%2Fwp%2Fv2%2Fcomments&post=601"}],"version-history":[{"count":14,"href":"https:\/\/www.papp-tanz.at\/index.php?rest_route=\/wp\/v2\/posts\/601\/revisions"}],"predecessor-version":[{"id":624,"href":"https:\/\/www.papp-tanz.at\/index.php?rest_route=\/wp\/v2\/posts\/601\/revisions\/624"}],"wp:attachment":[{"href":"https:\/\/www.papp-tanz.at\/index.php?rest_route=%2Fwp%2Fv2%2Fmedia&parent=601"}],"wp:term":[{"taxonomy":"category","embeddable":true,"href":"https:\/\/www.papp-tanz.at\/index.php?rest_route=%2Fwp%2Fv2%2Fcategories&post=601"},{"taxonomy":"post_tag","embeddable":true,"href":"https:\/\/www.papp-tanz.at\/index.php?rest_route=%2Fwp%2Fv2%2Ftags&post=601"}],"curies":[{"name":"wp","href":"https:\/\/api.w.org\/{rel}","templated":true}]}}