{"id":424,"date":"2018-07-02T20:10:52","date_gmt":"2018-07-02T18:10:52","guid":{"rendered":"http:\/\/www.papp-tanz.at\/?p=424"},"modified":"2018-07-02T20:10:52","modified_gmt":"2018-07-02T18:10:52","slug":"tanz-fuer-kinder-und-jugendliche-schuljahr-201819-in-tulln","status":"publish","type":"post","link":"https:\/\/www.papp-tanz.at\/?p=424","title":{"rendered":"Tanz f\u00fcr Kinder und Jugendliche: Schuljahr 2018\/19 in Tulln"},"content":{"rendered":"<p><a href=\"http:\/\/www.papp-tanz.at\/wp-content\/uploads\/2016\/05\/papp_logo2016_Tulln.png\"><img loading=\"lazy\" decoding=\"async\" class=\"alignright wp-image-300 size-full\" src=\"http:\/\/www.papp-tanz.at\/wp-content\/uploads\/2016\/05\/papp_logo2016_Tulln.png\" alt=\"\" width=\"1175\" height=\"555\" data-temp-aztec-id=\"1af6b7f9-0083-4770-aac3-105d4e96196a\" srcset=\"https:\/\/www.papp-tanz.at\/wp-content\/uploads\/2016\/05\/papp_logo2016_Tulln.png 1175w, https:\/\/www.papp-tanz.at\/wp-content\/uploads\/2016\/05\/papp_logo2016_Tulln-300x142.png 300w, https:\/\/www.papp-tanz.at\/wp-content\/uploads\/2016\/05\/papp_logo2016_Tulln-768x363.png 768w, https:\/\/www.papp-tanz.at\/wp-content\/uploads\/2016\/05\/papp_logo2016_Tulln-1024x484.png 1024w\" sizes=\"auto, (max-width: 1175px) 100vw, 1175px\" \/><\/a><\/p>\n<p>Die Kurse im Schuljahr 2018\/19 finden in einer Kooperation mit meiner Kollegin Margarete Spornberger im Gymastikraum des Hallenbad Tulln statt.<\/p>\n<p>Margarete unterrichtet im kommenden Schuljahr immer am Dienstag und Donnerstag, ich am Mittwochnachmittag im Hallenbad Tulln.<\/p>\n<p><a href=\"http:\/\/www.papp-tanz.at\/wp-content\/uploads\/2018\/07\/wpid-Mama-Folder-Semester-2018-01.jpeg\"><img loading=\"lazy\" decoding=\"async\" class=\"aligncenter size-full wp-image-420\" src=\"http:\/\/www.papp-tanz.at\/wp-content\/uploads\/2018\/07\/wpid-Mama-Folder-Semester-2018-01.jpeg\" alt=\"Folder-Semester-2018-2019\" width=\"1795\" height=\"2528\" srcset=\"https:\/\/www.papp-tanz.at\/wp-content\/uploads\/2018\/07\/wpid-Mama-Folder-Semester-2018-01.jpeg 1795w, https:\/\/www.papp-tanz.at\/wp-content\/uploads\/2018\/07\/wpid-Mama-Folder-Semester-2018-01-213x300.jpeg 213w, https:\/\/www.papp-tanz.at\/wp-content\/uploads\/2018\/07\/wpid-Mama-Folder-Semester-2018-01-768x1082.jpeg 768w, https:\/\/www.papp-tanz.at\/wp-content\/uploads\/2018\/07\/wpid-Mama-Folder-Semester-2018-01-727x1024.jpeg 727w, https:\/\/www.papp-tanz.at\/wp-content\/uploads\/2018\/07\/wpid-Mama-Folder-Semester-2018-01-1091x1536.jpeg 1091w, https:\/\/www.papp-tanz.at\/wp-content\/uploads\/2018\/07\/wpid-Mama-Folder-Semester-2018-01-1454x2048.jpeg 1454w\" sizes=\"auto, (max-width: 1795px) 100vw, 1795px\" \/><\/a><\/p>\n<p>N\u00e4here Informationen \u00fcber die Kurse auf meiner Website unter <a title=\"Tanz f\u00fcr Kinder und Jugendliche\" href=\"http:\/\/papp-tanz.at\/?page_id=85\">Kurse &#8211; Tanz f\u00fcr Kinder und Jugendliche<\/a> oder unter <a title=\"www.tanz-raum.at\" href=\"http:\/\/www.tanz-raum.at\">www.tanz-raum.at<\/a><\/p>\n","protected":false},"excerpt":{"rendered":"<p>Die Kurse im Schuljahr 2018\/19 finden in einer Kooperation mit meiner Kollegin Margarete Spornberger im Gymastikraum des Hallenbad Tulln statt. Margarete unterrichtet im kommenden Schuljahr immer am Dienstag und Donnerstag, ich am Mittwochnachmittag im Hallenbad Tulln. N\u00e4here Informationen \u00fcber die Kurse auf meiner Website unter Kurse &#8211; Tanz f\u00fcr Kinder und Jugendliche oder unter www.tanz-raum.at<\/p>\n","protected":false},"author":1,"featured_media":0,"comment_status":"closed","ping_status":"open","sticky":false,"template":"","format":"standard","meta":{"footnotes":""},"categories":[1],"tags":[],"class_list":["post-424","post","type-post","status-publish","format-standard","hentry","category-allgemein"],"_links":{"self":[{"href":"https:\/\/www.papp-tanz.at\/index.php?rest_route=\/wp\/v2\/posts\/424","targetHints":{"allow":["GET"]}}],"collection":[{"href":"https:\/\/www.papp-tanz.at\/index.php?rest_route=\/wp\/v2\/posts"}],"about":[{"href":"https:\/\/www.papp-tanz.at\/index.php?rest_route=\/wp\/v2\/types\/post"}],"author":[{"embeddable":true,"href":"https:\/\/www.papp-tanz.at\/index.php?rest_route=\/wp\/v2\/users\/1"}],"replies":[{"embeddable":true,"href":"https:\/\/www.papp-tanz.at\/index.php?rest_route=%2Fwp%2Fv2%2Fcomments&post=424"}],"version-history":[{"count":4,"href":"https:\/\/www.papp-tanz.at\/index.php?rest_route=\/wp\/v2\/posts\/424\/revisions"}],"predecessor-version":[{"id":461,"href":"https:\/\/www.papp-tanz.at\/index.php?rest_route=\/wp\/v2\/posts\/424\/revisions\/461"}],"wp:attachment":[{"href":"https:\/\/www.papp-tanz.at\/index.php?rest_route=%2Fwp%2Fv2%2Fmedia&parent=424"}],"wp:term":[{"taxonomy":"category","embeddable":true,"href":"https:\/\/www.papp-tanz.at\/index.php?rest_route=%2Fwp%2Fv2%2Fcategories&post=424"},{"taxonomy":"post_tag","embeddable":true,"href":"https:\/\/www.papp-tanz.at\/index.php?rest_route=%2Fwp%2Fv2%2Ftags&post=424"}],"curies":[{"name":"wp","href":"https:\/\/api.w.org\/{rel}","templated":true}]}}